{"id":176,"date":"2020-06-09T22:07:49","date_gmt":"2020-06-09T22:07:49","guid":{"rendered":"https:\/\/rafaelprado.com\/?p=176"},"modified":"2021-03-27T01:12:17","modified_gmt":"2021-03-27T01:12:17","slug":"nacio-y-murio-en-granada","status":"publish","type":"post","link":"https:\/\/rafaelprado.com\/?p=176","title":{"rendered":"NACI\u00d3 Y MURI\u00d3 EN GRANADA"},"content":{"rendered":"\n<p class=\"has-text-align-justify\">En junio. Seis menos uno. Silencio, silencio y cuatro compases m\u00e1s. Y del mismo silencio nace el primer tema; intento no vanguardista como melod\u00eda ambigua, casi modal, casi tonal, que se enfrenta al aire que la vela en el segundo tema m\u00e1s abierto. Bajo la luna, con su presencia m\u00e1gica que hechiza, procesionamos solemnes, no alegres pero sin tristeza, para alcanzar lo fecundo, la vida, el agua. R\u00edos de agua que crean surcos en el alma de quien se detiene a escucharlos. Y mientras el poeta canta, la luna nos muestra su cara, mal\u00e9fica como el agua estancada, que se convierte en sangre sobre un fondo negro que lo corta una navaja punzante. De repente, un jinete con su caballo de la muerte, sin reflexi\u00f3n, crece hasta agotarse. Agua y agua que corre por el mundo reflejando el hechizo de lo verde y fecundo, aun cuando muerto, si vivo est\u00e1. A tiempo sobre el gesto flamenco y aire andaluz universal, sigue gritando en un gran mundo mudo, o de silencios. <\/p>\n\n\n\n<p>\u00a9 Rafael Prado&nbsp;2008 \/ Suite Genios de Andaluc\u00eda \u2013 El retrato sonoro<\/p>\n\n\n\n<p>Retrato sonoro a Federico Garc\u00eda Lorca: Paisaje andaluz de Gritos y Silencios.<\/p>\n\n\n\n<figure class=\"wp-block-embed is-type-video is-provider-youtube wp-block-embed-youtube wp-embed-aspect-16-9 wp-has-aspect-ratio\"><div class=\"wp-block-embed__wrapper\">\n<div class=\"audiotheme-embed\"><iframe loading=\"lazy\" title=\"Federico Garc\u00eda Lorca; paisaje andaluz de gritos y silencio - Rafael Prado\" width=\"720\" height=\"405\" src=\"https:\/\/www.youtube.com\/embed\/XMLglUtpo4Q?feature=oembed\" frameborder=\"0\" allow=\"accelerometer; autoplay; encrypted-media; gyroscope; picture-in-picture\" allowfullscreen><\/iframe><\/div>\n<\/div><\/figure>\n","protected":false},"excerpt":{"rendered":"<p>En junio. Seis menos uno. Silencio, silencio y cuatro compases m\u00e1s. Y del mismo silencio nace el primer tema; intento no vanguardista como melod\u00eda ambigua, casi modal, casi tonal, que se enfrenta al aire que la vela en el segundo tema m\u00e1s abierto. Bajo la luna, con su presencia m\u00e1gica que hechiza, procesionamos solemnes, no [&hellip;]<\/p>\n","protected":false},"author":1,"featured_media":0,"comment_status":"closed","ping_status":"closed","sticky":false,"template":"","format":"standard","meta":{"footnotes":""},"categories":[1],"tags":[],"class_list":["post-176","post","type-post","status-publish","format-standard","hentry","category-uncategorized"],"_links":{"self":[{"href":"https:\/\/rafaelprado.com\/index.php?rest_route=\/wp\/v2\/posts\/176","targetHints":{"allow":["GET"]}}],"collection":[{"href":"https:\/\/rafaelprado.com\/index.php?rest_route=\/wp\/v2\/posts"}],"about":[{"href":"https:\/\/rafaelprado.com\/index.php?rest_route=\/wp\/v2\/types\/post"}],"author":[{"embeddable":true,"href":"https:\/\/rafaelprado.com\/index.php?rest_route=\/wp\/v2\/users\/1"}],"replies":[{"embeddable":true,"href":"https:\/\/rafaelprado.com\/index.php?rest_route=%2Fwp%2Fv2%2Fcomments&post=176"}],"version-history":[{"count":2,"href":"https:\/\/rafaelprado.com\/index.php?rest_route=\/wp\/v2\/posts\/176\/revisions"}],"predecessor-version":[{"id":358,"href":"https:\/\/rafaelprado.com\/index.php?rest_route=\/wp\/v2\/posts\/176\/revisions\/358"}],"wp:attachment":[{"href":"https:\/\/rafaelprado.com\/index.php?rest_route=%2Fwp%2Fv2%2Fmedia&parent=176"}],"wp:term":[{"taxonomy":"category","embeddable":true,"href":"https:\/\/rafaelprado.com\/index.php?rest_route=%2Fwp%2Fv2%2Fcategories&post=176"},{"taxonomy":"post_tag","embeddable":true,"href":"https:\/\/rafaelprado.com\/index.php?rest_route=%2Fwp%2Fv2%2Ftags&post=176"}],"curies":[{"name":"wp","href":"https:\/\/api.w.org\/{rel}","templated":true}]}}