{"id":170,"date":"2020-06-09T22:04:49","date_gmt":"2020-06-09T22:04:49","guid":{"rendered":"https:\/\/rafaelprado.com\/?p=170"},"modified":"2021-03-27T01:12:49","modified_gmt":"2021-03-27T01:12:49","slug":"movimiento","status":"publish","type":"post","link":"https:\/\/rafaelprado.com\/?p=170","title":{"rendered":"MOVIMIENTO"},"content":{"rendered":"\n<p class=\"has-text-align-justify\">Claude Debussy desarroll\u00f3&nbsp;un lenguaje sonoro m\u00e1s cerca de lo sublime,&nbsp;desde&nbsp;su&nbsp;<em>Preludio a la siesta de un fauno,&nbsp;<\/em>en la observaci\u00f3n de otrasdisciplinas. Su hip\u00f3tesis era arriesgada, al enfrentarse a un experimentado St\u00e9phane&nbsp;Mallarm\u00e9 o al viejo&nbsp;Fran\u00e7ois Boucher, pero su lenguaje sonoro y su especial visi\u00f3n de la realidad permiti\u00f3 llevarla donde imagin\u00f3. Utiliz\u00f3 diferentes pigmentos en los acordes, sin funci\u00f3n arm\u00f3nica, que existen m\u00e1s bien en el acto de la b\u00fasqueda de los efectos de color que producen. Us\u00f3 acordes similares consecutivos en movimiento paralelo, que dan un efecto borroso a la armon\u00eda. Encontr\u00f3 en lo ex\u00f3tico timbres inusuales y ritmos fluidos en la b\u00fasqueda de texturas tenues, y efectos sutiles de luz y sombra, donde el discurso sonoro no declara, sino que sugiere rompiendo la forma. Cuando cruzas el espejo de lo sonoro y miras atr\u00e1s, observas los otros lenguajes&nbsp;desde&nbsp;la otra dimensi\u00f3n del cristal y surge el Movimiento de los polisistemas. Desde all\u00ed, &nbsp;constante, entre la realidad y lo proyectado, en el universo entre la representaci\u00f3n y la objetividad.<\/p>\n\n\n\n<figure class=\"wp-block-embed is-type-video is-provider-youtube wp-block-embed-youtube wp-embed-aspect-4-3 wp-has-aspect-ratio\"><div class=\"wp-block-embed__wrapper\">\n<div class=\"audiotheme-embed\"><iframe loading=\"lazy\" title=\"Mouvement - Claude Debussy\" width=\"720\" height=\"540\" src=\"https:\/\/www.youtube.com\/embed\/zmK-cDK53Ig?feature=oembed\" frameborder=\"0\" allow=\"accelerometer; autoplay; encrypted-media; gyroscope; picture-in-picture\" allowfullscreen><\/iframe><\/div>\n<\/div><\/figure>\n","protected":false},"excerpt":{"rendered":"<p>Claude Debussy desarroll\u00f3&nbsp;un lenguaje sonoro m\u00e1s cerca de lo sublime,&nbsp;desde&nbsp;su&nbsp;Preludio a la siesta de un fauno,&nbsp;en la observaci\u00f3n de otrasdisciplinas. Su hip\u00f3tesis era arriesgada, al enfrentarse a un experimentado St\u00e9phane&nbsp;Mallarm\u00e9 o al viejo&nbsp;Fran\u00e7ois Boucher, pero su lenguaje sonoro y su especial visi\u00f3n de la realidad permiti\u00f3 llevarla donde imagin\u00f3. Utiliz\u00f3 diferentes pigmentos en los acordes, [&hellip;]<\/p>\n","protected":false},"author":1,"featured_media":0,"comment_status":"closed","ping_status":"closed","sticky":false,"template":"","format":"standard","meta":{"footnotes":""},"categories":[1],"tags":[],"class_list":["post-170","post","type-post","status-publish","format-standard","hentry","category-uncategorized"],"_links":{"self":[{"href":"https:\/\/rafaelprado.com\/index.php?rest_route=\/wp\/v2\/posts\/170","targetHints":{"allow":["GET"]}}],"collection":[{"href":"https:\/\/rafaelprado.com\/index.php?rest_route=\/wp\/v2\/posts"}],"about":[{"href":"https:\/\/rafaelprado.com\/index.php?rest_route=\/wp\/v2\/types\/post"}],"author":[{"embeddable":true,"href":"https:\/\/rafaelprado.com\/index.php?rest_route=\/wp\/v2\/users\/1"}],"replies":[{"embeddable":true,"href":"https:\/\/rafaelprado.com\/index.php?rest_route=%2Fwp%2Fv2%2Fcomments&post=170"}],"version-history":[{"count":2,"href":"https:\/\/rafaelprado.com\/index.php?rest_route=\/wp\/v2\/posts\/170\/revisions"}],"predecessor-version":[{"id":360,"href":"https:\/\/rafaelprado.com\/index.php?rest_route=\/wp\/v2\/posts\/170\/revisions\/360"}],"wp:attachment":[{"href":"https:\/\/rafaelprado.com\/index.php?rest_route=%2Fwp%2Fv2%2Fmedia&parent=170"}],"wp:term":[{"taxonomy":"category","embeddable":true,"href":"https:\/\/rafaelprado.com\/index.php?rest_route=%2Fwp%2Fv2%2Fcategories&post=170"},{"taxonomy":"post_tag","embeddable":true,"href":"https:\/\/rafaelprado.com\/index.php?rest_route=%2Fwp%2Fv2%2Ftags&post=170"}],"curies":[{"name":"wp","href":"https:\/\/api.w.org\/{rel}","templated":true}]}}