{"id":167,"date":"2020-06-09T22:03:01","date_gmt":"2020-06-09T22:03:01","guid":{"rendered":"https:\/\/rafaelprado.com\/?p=167"},"modified":"2021-03-27T01:13:06","modified_gmt":"2021-03-27T01:13:06","slug":"mozart-y-crisis","status":"publish","type":"post","link":"https:\/\/rafaelprado.com\/?p=167","title":{"rendered":"MOZART Y CRISIS"},"content":{"rendered":"\n<p class=\"has-text-align-justify\">He hablado muchas horas con \u00e9l. Le he preguntado sobre casi todo desde que fui joven. Quiz\u00e1s ahora, y llegando a los cuarenta, recuerdo sus conversaciones de plenitud jovial infinita. Tuve suerte que me contara sus secretos (aunque a veces no eran f\u00e1cil de descifrar). Incluso recuerdo mi atrevimiento a reescribir algunos de sus pentagramas, porque llegu\u00e9 a manifestarle mi desacuerdo.<\/p>\n\n\n\n<p class=\"has-text-align-justify\">Su temprana muerte a los 35 a\u00f1os, no exenta de misterio, ven\u00eda acompa\u00f1ada de una situaci\u00f3n socio econ\u00f3mica complicada, pero a\u00fan as\u00ed, su transparente escritura est\u00e1 llena de pureza y armon\u00eda. Mozart vivi\u00f3 en crisis constante porque su alto grado de pureza no le permiti\u00f3 asumir la estructura costumbrista.&nbsp;<\/p>\n\n\n\n<p class=\"has-text-align-justify\"><strong>Del mismo modo que no puedes interpretar a Beethoven si antes no te han partido el coraz\u00f3n en varias ocasiones, tocar a Mozart tiene una doble tarea. Hablo de su exquisita ejecuci\u00f3n, y sobre todo, entender que tienes que mantener cerrada la puerta que \u00e9l nunca abri\u00f3 para que su m\u00fasica mantuviese su honestidad.&nbsp;<\/strong>Si con el lenguaje no verbal nos ha marcado a todos, sus palabras no se quedan atr\u00e1s.<\/p>\n\n\n\n<p class=\"has-text-align-justify\">Hoy recuerdo aquellas que entend\u00ed desde muy joven y que nos apunta con objetivo de mira de gran precisi\u00f3n:<\/p>\n\n\n\n<p class=\"has-text-align-justify\">Para los creadores dijo\u2026<br>\u201cNi una inteligencia sublime, ni una gran imaginaci\u00f3n, ni las dos cosas juntas forman el genio; amor, eso es el alma del genio\u201d.<br>Al p\u00fablico les dej\u00f3 el siguiente mensaje\u2026<br>\u201cDadme el mejor piano de Europa, pero con un auditorio que no quiere o no siente conmigo lo que ejecuto, y perder\u00e9 todo el gusto por la ejecuci\u00f3n\u201d.<br>Y para los que creen que tienen el poder\u2026<br>\u201cSi el emperador me quiere, que me pague, pues s\u00f3lo el honor de estar con \u00e9l no me alcanza\u201d.<\/p>\n\n\n\n<figure class=\"wp-block-embed is-type-video is-provider-youtube wp-block-embed-youtube wp-embed-aspect-4-3 wp-has-aspect-ratio\"><div class=\"wp-block-embed__wrapper\">\n<div class=\"audiotheme-embed\"><iframe loading=\"lazy\" title=\"Sonata Kv 284- W.A. Mozart\" width=\"720\" height=\"540\" src=\"https:\/\/www.youtube.com\/embed\/76xp7qsLGek?feature=oembed\" frameborder=\"0\" allow=\"accelerometer; autoplay; clipboard-write; encrypted-media; gyroscope; picture-in-picture\" allowfullscreen><\/iframe><\/div>\n<\/div><\/figure>\n","protected":false},"excerpt":{"rendered":"<p>He hablado muchas horas con \u00e9l. Le he preguntado sobre casi todo desde que fui joven. Quiz\u00e1s ahora, y llegando a los cuarenta, recuerdo sus conversaciones de plenitud jovial infinita. Tuve suerte que me contara sus secretos (aunque a veces no eran f\u00e1cil de descifrar). Incluso recuerdo mi atrevimiento a reescribir algunos de sus pentagramas, [&hellip;]<\/p>\n","protected":false},"author":1,"featured_media":0,"comment_status":"closed","ping_status":"closed","sticky":false,"template":"","format":"standard","meta":{"footnotes":""},"categories":[1],"tags":[],"class_list":["post-167","post","type-post","status-publish","format-standard","hentry","category-uncategorized"],"_links":{"self":[{"href":"https:\/\/rafaelprado.com\/index.php?rest_route=\/wp\/v2\/posts\/167","targetHints":{"allow":["GET"]}}],"collection":[{"href":"https:\/\/rafaelprado.com\/index.php?rest_route=\/wp\/v2\/posts"}],"about":[{"href":"https:\/\/rafaelprado.com\/index.php?rest_route=\/wp\/v2\/types\/post"}],"author":[{"embeddable":true,"href":"https:\/\/rafaelprado.com\/index.php?rest_route=\/wp\/v2\/users\/1"}],"replies":[{"embeddable":true,"href":"https:\/\/rafaelprado.com\/index.php?rest_route=%2Fwp%2Fv2%2Fcomments&post=167"}],"version-history":[{"count":3,"href":"https:\/\/rafaelprado.com\/index.php?rest_route=\/wp\/v2\/posts\/167\/revisions"}],"predecessor-version":[{"id":361,"href":"https:\/\/rafaelprado.com\/index.php?rest_route=\/wp\/v2\/posts\/167\/revisions\/361"}],"wp:attachment":[{"href":"https:\/\/rafaelprado.com\/index.php?rest_route=%2Fwp%2Fv2%2Fmedia&parent=167"}],"wp:term":[{"taxonomy":"category","embeddable":true,"href":"https:\/\/rafaelprado.com\/index.php?rest_route=%2Fwp%2Fv2%2Fcategories&post=167"},{"taxonomy":"post_tag","embeddable":true,"href":"https:\/\/rafaelprado.com\/index.php?rest_route=%2Fwp%2Fv2%2Ftags&post=167"}],"curies":[{"name":"wp","href":"https:\/\/api.w.org\/{rel}","templated":true}]}}