{"id":153,"date":"2020-06-09T21:57:50","date_gmt":"2020-06-09T21:57:50","guid":{"rendered":"https:\/\/rafaelprado.com\/?p=153"},"modified":"2021-03-27T01:13:19","modified_gmt":"2021-03-27T01:13:19","slug":"el-rio-de-la-memoria","status":"publish","type":"post","link":"https:\/\/rafaelprado.com\/?p=153","title":{"rendered":"EL R\u00cdO DE LA MEMORIA"},"content":{"rendered":"\n<p class=\"has-text-align-justify\"><strong>EL R\u00cdO DE LA MEMORIA<\/strong>. (Documental) Estreno en Sevilla \u2013 21 de Mayo de 2015 \/ 21:30 horas. Cines Zona Sevilla Este.<\/p>\n\n\n\n<p class=\"has-text-align-justify\">En julio del a\u00f1o 2014 los productores de&nbsp;<em>El r\u00edo de la memoria<\/em>&nbsp;me invitaron a que compusiera su Banda Sonora. Cuando estudi\u00e9 la historia contada y la relaci\u00f3n con sus im\u00e1genes, surgi\u00f3 mi compromiso de escribir la m\u00fasica de un dif\u00edcil documental como sfumatura de la vida, al presentir que ser\u00eda el Preludio de la Fuga que a\u00fan queda por componer. Audiovisual para no olvidar verlo y escucharlo, para sentirlo en su universalidad desde lo local, de una de las zonas m\u00e1s importantes de Europa, la Cuenca Minera del r\u00edo Tinto, aunque se haya esterilizado el pensamiento de grandeza que le corresponde a sus habitantes.<\/p>\n\n\n\n<p class=\"has-text-align-justify\">Un testimonio, como invitaci\u00f3n a otros documentales nonatos, que llegar\u00e1 a nuestros sentidos para no olvidar lo m\u00e1s esencial de nuestra vida. El reportaje se cuenta desde un lugar diferente, no solo por sus espacios, sino por su historia. En su \u00faltimos cien a\u00f1os, la cuenca minera, ha sido un emplazamiento precursor de la Edad Contempor\u00e1nea. En ella surgen los primeros movimientos obreros, nace la crisis que hoy conoce el mundo. Podr\u00eda ser un modelo universal para el conocimiento de la programaci\u00f3n psicol\u00f3gica y espacio de estudio del comportamiento social, por sus caracter\u00edsticas socioecon\u00f3micas no habituales en todas las comarcas de otros lugares. Mi hip\u00f3tesis de creaci\u00f3n Fugada a cinco voces compuesta en modo audiovisual, ser\u00eda una Cuenca Minera, precursora de la sociedad mundial del divide y vencer\u00e1s.<\/p>\n\n\n\n<p class=\"has-text-align-justify\">Hay numerosas obras divulgativas de la historia de estas minas basadas en la memoria sem\u00e1ntica, aquella que guarda datos concretos; pero es la memoria epis\u00f3dica, la que conserva los recuerdos de hechos vividos directamente por nosotros y los relaciona con diversos elementos, la que realmente interesa hacer recordar. Podr\u00eda ser el proyecto salvaci\u00f3n del mundo. El d\u00eda que acabe la Crisis en la Cuenca Minera del r\u00edo Tinto, acabar\u00e1 la crisis mundial.<\/p>\n\n\n\n<p class=\"has-text-align-justify\">Como parte del equipo de este trabajo apasionado, con una preciosista fotograf\u00eda, m\u00fasica emocionante, y la memoria de dos mineros habitantes de la segunda mitad del siglo XX en lo esencial del ser humano, disfrutar\u00e9 con su visionado en la gran pantalla en Sevilla el pr\u00f3ximo jueves 21 de Mayo, como Preludio donde se dar\u00e1n las claves para la creaci\u00f3n fugada.<\/p>\n\n\n\n<p class=\"has-text-align-justify\">Un documental que invita a descubrir la verdad de una historia. Un mundo de sue\u00f1os cuando est\u00e1s llegando a desembocar en lo humano de las Minas de Riotinto\u200b.<\/p>\n\n\n\n<p><\/p>\n\n\n\n<figure class=\"wp-block-gallery columns-3 is-cropped wp-block-gallery-1 is-layout-flex wp-block-gallery-is-layout-flex\"><ul class=\"blocks-gallery-grid\"><li class=\"blocks-gallery-item\"><figure><img loading=\"lazy\" decoding=\"async\" width=\"569\" height=\"299\" src=\"https:\/\/rafaelprado.com\/wp-content\/uploads\/2020\/06\/el-rio-de-la-memoria-rafael-prado-4.jpg\" alt=\"\" data-id=\"155\" data-full-url=\"https:\/\/rafaelprado.com\/wp-content\/uploads\/2020\/06\/el-rio-de-la-memoria-rafael-prado-4.jpg\" data-link=\"https:\/\/rafaelprado.com\/?attachment_id=155\" class=\"wp-image-155\" srcset=\"https:\/\/rafaelprado.com\/wp-content\/uploads\/2020\/06\/el-rio-de-la-memoria-rafael-prado-4.jpg 569w, https:\/\/rafaelprado.com\/wp-content\/uploads\/2020\/06\/el-rio-de-la-memoria-rafael-prado-4-300x158.jpg 300w\" sizes=\"auto, (max-width: 569px) 100vw, 569px\" \/><\/figure><\/li><li class=\"blocks-gallery-item\"><figure><img loading=\"lazy\" decoding=\"async\" width=\"552\" height=\"298\" src=\"https:\/\/rafaelprado.com\/wp-content\/uploads\/2020\/06\/el-rio-de-la-memoria-rafael-prado-3.jpg\" alt=\"\" data-id=\"156\" data-full-url=\"https:\/\/rafaelprado.com\/wp-content\/uploads\/2020\/06\/el-rio-de-la-memoria-rafael-prado-3.jpg\" data-link=\"https:\/\/rafaelprado.com\/?attachment_id=156\" class=\"wp-image-156\" srcset=\"https:\/\/rafaelprado.com\/wp-content\/uploads\/2020\/06\/el-rio-de-la-memoria-rafael-prado-3.jpg 552w, https:\/\/rafaelprado.com\/wp-content\/uploads\/2020\/06\/el-rio-de-la-memoria-rafael-prado-3-300x162.jpg 300w\" sizes=\"auto, (max-width: 552px) 100vw, 552px\" \/><\/figure><\/li><li class=\"blocks-gallery-item\"><figure><img loading=\"lazy\" decoding=\"async\" width=\"556\" height=\"300\" src=\"https:\/\/rafaelprado.com\/wp-content\/uploads\/2020\/06\/el-rio-de-la-memoria-rafael-prado.jpg\" alt=\"\" data-id=\"157\" data-full-url=\"https:\/\/rafaelprado.com\/wp-content\/uploads\/2020\/06\/el-rio-de-la-memoria-rafael-prado.jpg\" data-link=\"https:\/\/rafaelprado.com\/?attachment_id=157\" class=\"wp-image-157\" srcset=\"https:\/\/rafaelprado.com\/wp-content\/uploads\/2020\/06\/el-rio-de-la-memoria-rafael-prado.jpg 556w, https:\/\/rafaelprado.com\/wp-content\/uploads\/2020\/06\/el-rio-de-la-memoria-rafael-prado-300x162.jpg 300w\" sizes=\"auto, (max-width: 556px) 100vw, 556px\" \/><\/figure><\/li><li class=\"blocks-gallery-item\"><figure><img loading=\"lazy\" decoding=\"async\" width=\"558\" height=\"299\" src=\"https:\/\/rafaelprado.com\/wp-content\/uploads\/2020\/06\/el-rio-de-la-memoria-rafael-prado-2.jpg\" alt=\"\" data-id=\"158\" data-full-url=\"https:\/\/rafaelprado.com\/wp-content\/uploads\/2020\/06\/el-rio-de-la-memoria-rafael-prado-2.jpg\" data-link=\"https:\/\/rafaelprado.com\/?attachment_id=158\" class=\"wp-image-158\" srcset=\"https:\/\/rafaelprado.com\/wp-content\/uploads\/2020\/06\/el-rio-de-la-memoria-rafael-prado-2.jpg 558w, https:\/\/rafaelprado.com\/wp-content\/uploads\/2020\/06\/el-rio-de-la-memoria-rafael-prado-2-300x161.jpg 300w\" sizes=\"auto, (max-width: 558px) 100vw, 558px\" \/><\/figure><\/li><li class=\"blocks-gallery-item\"><figure><img loading=\"lazy\" decoding=\"async\" width=\"555\" height=\"311\" src=\"https:\/\/rafaelprado.com\/wp-content\/uploads\/2020\/06\/el-rio-de-la-memoria-rafael-prado-5.jpg\" alt=\"\" data-id=\"159\" data-full-url=\"https:\/\/rafaelprado.com\/wp-content\/uploads\/2020\/06\/el-rio-de-la-memoria-rafael-prado-5.jpg\" data-link=\"https:\/\/rafaelprado.com\/?attachment_id=159\" class=\"wp-image-159\" srcset=\"https:\/\/rafaelprado.com\/wp-content\/uploads\/2020\/06\/el-rio-de-la-memoria-rafael-prado-5.jpg 555w, https:\/\/rafaelprado.com\/wp-content\/uploads\/2020\/06\/el-rio-de-la-memoria-rafael-prado-5-300x168.jpg 300w\" sizes=\"auto, (max-width: 555px) 100vw, 555px\" \/><\/figure><\/li><li class=\"blocks-gallery-item\"><figure><img loading=\"lazy\" decoding=\"async\" width=\"559\" height=\"296\" src=\"https:\/\/rafaelprado.com\/wp-content\/uploads\/2020\/06\/el-rio-de-la-memoria-6.jpg\" alt=\"\" data-id=\"160\" data-full-url=\"https:\/\/rafaelprado.com\/wp-content\/uploads\/2020\/06\/el-rio-de-la-memoria-6.jpg\" data-link=\"https:\/\/rafaelprado.com\/?attachment_id=160\" class=\"wp-image-160\" srcset=\"https:\/\/rafaelprado.com\/wp-content\/uploads\/2020\/06\/el-rio-de-la-memoria-6.jpg 559w, https:\/\/rafaelprado.com\/wp-content\/uploads\/2020\/06\/el-rio-de-la-memoria-6-300x159.jpg 300w\" sizes=\"auto, (max-width: 559px) 100vw, 559px\" \/><\/figure><\/li><li class=\"blocks-gallery-item\"><figure><img loading=\"lazy\" decoding=\"async\" width=\"552\" height=\"293\" src=\"https:\/\/rafaelprado.com\/wp-content\/uploads\/2020\/06\/el-rio-de-la-memoria.jpg\" alt=\"\" data-id=\"161\" data-full-url=\"https:\/\/rafaelprado.com\/wp-content\/uploads\/2020\/06\/el-rio-de-la-memoria.jpg\" data-link=\"https:\/\/rafaelprado.com\/?attachment_id=161\" class=\"wp-image-161\" srcset=\"https:\/\/rafaelprado.com\/wp-content\/uploads\/2020\/06\/el-rio-de-la-memoria.jpg 552w, https:\/\/rafaelprado.com\/wp-content\/uploads\/2020\/06\/el-rio-de-la-memoria-300x159.jpg 300w\" sizes=\"auto, (max-width: 552px) 100vw, 552px\" \/><\/figure><\/li><li class=\"blocks-gallery-item\"><figure><img loading=\"lazy\" decoding=\"async\" width=\"735\" height=\"365\" src=\"https:\/\/rafaelprado.com\/wp-content\/uploads\/2020\/06\/11.jpg\" alt=\"\" data-id=\"162\" data-full-url=\"https:\/\/rafaelprado.com\/wp-content\/uploads\/2020\/06\/11.jpg\" data-link=\"https:\/\/rafaelprado.com\/?attachment_id=162\" class=\"wp-image-162\" srcset=\"https:\/\/rafaelprado.com\/wp-content\/uploads\/2020\/06\/11.jpg 735w, https:\/\/rafaelprado.com\/wp-content\/uploads\/2020\/06\/11-600x298.jpg 600w, https:\/\/rafaelprado.com\/wp-content\/uploads\/2020\/06\/11-300x149.jpg 300w\" sizes=\"auto, (max-width: 735px) 100vw, 735px\" \/><\/figure><\/li><\/ul><\/figure>\n","protected":false},"excerpt":{"rendered":"<p>EL R\u00cdO DE LA MEMORIA. (Documental) Estreno en Sevilla \u2013 21 de Mayo de 2015 \/ 21:30 horas. Cines Zona Sevilla Este. En julio del a\u00f1o 2014 los productores de&nbsp;El r\u00edo de la memoria&nbsp;me invitaron a que compusiera su Banda Sonora. Cuando estudi\u00e9 la historia contada y la relaci\u00f3n con sus im\u00e1genes, surgi\u00f3 mi compromiso [&hellip;]<\/p>\n","protected":false},"author":1,"featured_media":0,"comment_status":"closed","ping_status":"closed","sticky":false,"template":"","format":"standard","meta":{"footnotes":""},"categories":[1],"tags":[],"class_list":["post-153","post","type-post","status-publish","format-standard","hentry","category-uncategorized"],"_links":{"self":[{"href":"https:\/\/rafaelprado.com\/index.php?rest_route=\/wp\/v2\/posts\/153","targetHints":{"allow":["GET"]}}],"collection":[{"href":"https:\/\/rafaelprado.com\/index.php?rest_route=\/wp\/v2\/posts"}],"about":[{"href":"https:\/\/rafaelprado.com\/index.php?rest_route=\/wp\/v2\/types\/post"}],"author":[{"embeddable":true,"href":"https:\/\/rafaelprado.com\/index.php?rest_route=\/wp\/v2\/users\/1"}],"replies":[{"embeddable":true,"href":"https:\/\/rafaelprado.com\/index.php?rest_route=%2Fwp%2Fv2%2Fcomments&post=153"}],"version-history":[{"count":5,"href":"https:\/\/rafaelprado.com\/index.php?rest_route=\/wp\/v2\/posts\/153\/revisions"}],"predecessor-version":[{"id":362,"href":"https:\/\/rafaelprado.com\/index.php?rest_route=\/wp\/v2\/posts\/153\/revisions\/362"}],"wp:attachment":[{"href":"https:\/\/rafaelprado.com\/index.php?rest_route=%2Fwp%2Fv2%2Fmedia&parent=153"}],"wp:term":[{"taxonomy":"category","embeddable":true,"href":"https:\/\/rafaelprado.com\/index.php?rest_route=%2Fwp%2Fv2%2Fcategories&post=153"},{"taxonomy":"post_tag","embeddable":true,"href":"https:\/\/rafaelprado.com\/index.php?rest_route=%2Fwp%2Fv2%2Ftags&post=153"}],"curies":[{"name":"wp","href":"https:\/\/api.w.org\/{rel}","templated":true}]}}